{"id":41935,"date":"2023-09-28T10:38:58","date_gmt":"2023-09-28T09:38:58","guid":{"rendered":"https:\/\/www.rallyclassics.club\/?p=41935"},"modified":"2023-09-28T10:38:58","modified_gmt":"2023-09-28T09:38:58","slug":"inscripciones-abiertas-gran-final-14-octubre","status":"publish","type":"post","link":"https:\/\/rallyclassics.club\/fr\/inscripciones-abiertas-gran-final-14-octubre\/","title":{"rendered":"Engagements ouverts pour la Grand Final du 14 d&rsquo;octobre !"},"content":{"rendered":"<p><a href=\"https:\/\/www.rallyclassics.club\/wp-content\/uploads\/porsche_classic_series_circuit_barcelona_catalunya_2022-161.jpg\"><img loading=\"lazy\" decoding=\"async\" class=\"wp-image-35290 size-large aligncenter\" src=\"https:\/\/www.rallyclassics.club\/wp-content\/uploads\/porsche_classic_series_circuit_barcelona_catalunya_2022-161-1024x683.jpg\" alt=\"\" width=\"669\" height=\"446\" srcset=\"https:\/\/rallyclassics.club\/wp-content\/uploads\/porsche_classic_series_circuit_barcelona_catalunya_2022-161-1024x683.jpg 1024w, https:\/\/rallyclassics.club\/wp-content\/uploads\/porsche_classic_series_circuit_barcelona_catalunya_2022-161-300x200.jpg 300w, https:\/\/rallyclassics.club\/wp-content\/uploads\/porsche_classic_series_circuit_barcelona_catalunya_2022-161-768x512.jpg 768w, https:\/\/rallyclassics.club\/wp-content\/uploads\/porsche_classic_series_circuit_barcelona_catalunya_2022-161.jpg 1500w\" sizes=\"auto, (max-width: 669px) 100vw, 669px\" \/><\/a><\/p>\n<p>Le moment le plus important de la saison est arriv\u00e9, la <strong>Grand Final sur le Circuit de Barcelona-Catalunya<\/strong> !<\/p>\n<p>Le <strong>samedi 14 octobre<\/strong>, nous vous attendons pour l&rsquo;\u00e9preuve qui d\u00e9signera les vainqueurs des <strong>Porsche Classic Series, Porsche Gentlemen GT Fast-Lap et MotoClassic Series 2023<\/strong>.<\/p>\n<p>Vous ne pouvez pas manquer <strong>l&rsquo;occasion unique de rouler sur le trac\u00e9 GP du Circuit de Barcelona-Catalunya<\/strong>. Nous vivrons une journ\u00e9e de moteur classique imbattable, avec des activit\u00e9s dans le paddock. La journ\u00e9e sera en acc\u00e8s libre !<\/p>\n<p><strong>ENGAGEMENTS OUVERTS<\/strong><\/p>\n<p><a href=\"https:\/\/www.rallyclassics.club\/wp-content\/uploads\/Horario-_Circuit-_Cat_PCS_2023.jpg\"><img loading=\"lazy\" decoding=\"async\" class=\"aligncenter wp-image-41916\" src=\"https:\/\/www.rallyclassics.club\/wp-content\/uploads\/Horario-_Circuit-_Cat_PCS_2023-1024x953.jpg\" alt=\"\" width=\"500\" height=\"465\" srcset=\"https:\/\/rallyclassics.club\/wp-content\/uploads\/Horario-_Circuit-_Cat_PCS_2023-1024x953.jpg 1024w, https:\/\/rallyclassics.club\/wp-content\/uploads\/Horario-_Circuit-_Cat_PCS_2023-300x279.jpg 300w, https:\/\/rallyclassics.club\/wp-content\/uploads\/Horario-_Circuit-_Cat_PCS_2023-768x715.jpg 768w, https:\/\/rallyclassics.club\/wp-content\/uploads\/Horario-_Circuit-_Cat_PCS_2023.jpg 1500w\" sizes=\"auto, (max-width: 500px) 100vw, 500px\" \/><\/a><\/p>\n<p>&nbsp;<\/p>\n<h3><strong>Porsche Classic Series<\/strong><\/h3>\n<p><a href=\"https:\/\/www.rallyclassics.club\/wp-content\/uploads\/Mati-25_.jpg\"><img loading=\"lazy\" decoding=\"async\" class=\"wp-image-41937 aligncenter\" src=\"https:\/\/www.rallyclassics.club\/wp-content\/uploads\/Mati-25_.jpg\" alt=\"\" width=\"669\" height=\"337\" srcset=\"https:\/\/rallyclassics.club\/wp-content\/uploads\/Mati-25_.jpg 900w, https:\/\/rallyclassics.club\/wp-content\/uploads\/Mati-25_-300x151.jpg 300w, https:\/\/rallyclassics.club\/wp-content\/uploads\/Mati-25_-768x387.jpg 768w, https:\/\/rallyclassics.club\/wp-content\/uploads\/Mati-25_-540x272.jpg 540w\" sizes=\"auto, (max-width: 669px) 100vw, 669px\" \/><\/a><\/p>\n<p>R\u00e9gularit\u00e9 pour les <strong>voitures classiques et youngtimers &#8211; de toute marque &#8211; fabriqu\u00e9es jusqu&rsquo;a 1995<\/strong> (ou apr\u00e8s \u00e0 la discr\u00e9tion de l&rsquo;organisation). Besoin d&rsquo;un extincteur, d&rsquo;un casque, de gants et d&rsquo;une combinaison ignifuge.<\/p>\n<ul>\n<li>Sur le Circuit de Barcelona-Catalunya il y aura <strong>plus de 3 heures de piste<\/strong>, avec une manche d&rsquo;entra\u00eenement (1h 10m) et deux manches de r\u00e9gularit\u00e9 (respectivement 1h et 1h15).<\/li>\n<li><strong>D\u00e9part type \u00ab\u00a0Le Mans\u00a0\u00bb<\/strong> lors de la derni\u00e8re manche.<\/li>\n<li>L&rsquo;\u00e9preuve a un <strong>coefficient de 1,5 pour le classement<\/strong>, tout reste \u00e0 d\u00e9cider !<\/li>\n<li><strong>Prix d&rsquo;engagement : 520 \u20ac avec transpondeur inclus<\/strong> (<strong>420 \u20ac<\/strong> si vous avez particip\u00e9 \u00e0 au moins une \u00e9preuve des Porsche Classic Series 2023).<\/li>\n<li>Pour cette \u00e9preuve, il est n\u00e9cessaire d&rsquo;avoir un permis de participation (30 \u20ac\/personne) ou une licence FCA valide.<\/li>\n<li><strong>Programme #MotorDona \u2013 Dona-GAS :<\/strong> les \u00e9quipes f\u00e9minines d\u00e9butant dans les Porsche Classic Series b\u00e9n\u00e9ficieront d&rsquo;une inscription gratuite \u00e0 cette \u00e9preuve, subventionn\u00e9e par les programmes #MotorDona et Dona-Gas. Les \u00e9quipes f\u00e9minines ayant d\u00e9j\u00e0 particip\u00e9 b\u00e9n\u00e9ficieront d&rsquo;une r\u00e9duction de 50%.<\/li>\n<\/ul>\n<h3><span style=\"text-decoration: underline;\"><a href=\"https:\/\/crono.rallyclassics.net\/PCS2023Inscripcion.aspx?Language=fr-FR\" target=\"_blank\" rel=\"noopener noreferrer\"><strong>Demande d&rsquo;engagement ici<\/strong><\/a><\/span><\/h3>\n<h3><span style=\"text-decoration: underline;\"><a href=\"https:\/\/www.rallyclassics.club\/porsche-classic-series-2023\/barcelona-catalunya-2023\/\" target=\"_blank\" rel=\"noopener noreferrer\"><strong>Plus d&rsquo;infos ici<\/strong><\/a><\/span><\/h3>\n<p>&nbsp;<\/p>\n<p>&nbsp;<\/p>\n<h3><strong>Porsche Gentlemen GT Fast-Lap<\/strong><\/h3>\n<p><a href=\"https:\/\/www.rallyclassics.club\/wp-content\/uploads\/RF_03584_.jpg\"><img loading=\"lazy\" decoding=\"async\" class=\"wp-image-41938 aligncenter\" src=\"https:\/\/www.rallyclassics.club\/wp-content\/uploads\/RF_03584_.jpg\" alt=\"\" width=\"669\" height=\"335\" srcset=\"https:\/\/rallyclassics.club\/wp-content\/uploads\/RF_03584_.jpg 900w, https:\/\/rallyclassics.club\/wp-content\/uploads\/RF_03584_-300x150.jpg 300w, https:\/\/rallyclassics.club\/wp-content\/uploads\/RF_03584_-768x384.jpg 768w\" sizes=\"auto, (max-width: 669px) 100vw, 669px\" \/><\/a><\/p>\n<p>Ouvert aux propri\u00e9taires de Porsche GT3, GT4, 911 Turbo ou Turbo S, Boxster Spyder ou gamme RS.<\/p>\n<p><strong>Plus de 90 minutes de piste<\/strong>, avec une manche d&rsquo;entra\u00eenement (35 minutes) et deux manches de 40 minutes chacune destin\u00e9es \u00e0 r\u00e9aliser le tour le plus rapide. Un format de style \u00ab\u00a0Time Attack\u00a0\u00bb, ma\u00eetrisant les co\u00fbts et privil\u00e9giant l&rsquo;esprit \u00ab\u00a0Gentlemen Driver\u00a0\u00bb. Casque, combinaison et gants sont obligatoires, avec voitures et pneus standards (selon cat\u00e9gorie).<\/p>\n<p>Venez profiter de votre voiture de sport, nous vous attendons !<\/p>\n<ul>\n<li><strong>Prix d&rsquo;engagement : 380 \u20ac avec transpondeur inclus.<\/strong><\/li>\n<li>Pour cette \u00e9preuve, il est n\u00e9cessaire d&rsquo;avoir un permis de participation (30 \u20ac\/personne) ou une licence FCA valide.<\/li>\n<li><strong>Programme #MotorDona \u2013 Dona-GAS :<\/strong> les \u00e9quipes f\u00e9minines qui d\u00e9buteront dans le Porsche Gentlemen GT Fast-Lap b\u00e9n\u00e9ficieront d&rsquo;une inscription gratuite \u00e0 cette \u00e9preuve, subventionn\u00e9e par les programmes #MotorDona et Dona-Gas. Les \u00e9quipes f\u00e9minines ayant d\u00e9j\u00e0 particip\u00e9 b\u00e9n\u00e9ficieront d&rsquo;une r\u00e9duction de 50%.<\/li>\n<\/ul>\n<h3><strong><span style=\"text-decoration: underline;\"><a href=\"https:\/\/crono.rallyclassics.net\/GEN2023Inscripcion.aspx?Language=fr-FR\" target=\"_blank\" rel=\"noopener noreferrer\">Demande d&rsquo;engagement ici<\/a><\/span><\/strong><\/h3>\n<h3><span style=\"text-decoration: underline;\"><a href=\"https:\/\/www.rallyclassics.club\/porsche-classic-series-2023\/barcelona-catalunya-2023\/\" target=\"_blank\" rel=\"noopener noreferrer\"><strong>Plus d&rsquo;infos ici<\/strong><\/a><\/span><\/h3>\n<p>&nbsp;<\/p>\n<p>&nbsp;<\/p>\n<h3><strong>MotoClassic Series<\/strong><\/h3>\n<p><a href=\"https:\/\/www.rallyclassics.club\/wp-content\/uploads\/RFNI0146_.jpg\"><img loading=\"lazy\" decoding=\"async\" class=\"wp-image-41936 aligncenter\" src=\"https:\/\/www.rallyclassics.club\/wp-content\/uploads\/RFNI0146_.jpg\" alt=\"\" width=\"669\" height=\"335\" srcset=\"https:\/\/rallyclassics.club\/wp-content\/uploads\/RFNI0146_.jpg 899w, https:\/\/rallyclassics.club\/wp-content\/uploads\/RFNI0146_-300x150.jpg 300w, https:\/\/rallyclassics.club\/wp-content\/uploads\/RFNI0146_-768x384.jpg 768w\" sizes=\"auto, (max-width: 669px) 100vw, 669px\" \/><\/a><\/p>\n<h3><span style=\"text-decoration: underline;\"><a href=\"https:\/\/crono.rallyclassics.net\/MCS2023Inscripcion.aspx?Language=fr-FR\" target=\"_blank\" rel=\"noopener noreferrer\"><strong>Demande d&rsquo;engagement ici<\/strong><\/a><\/span><\/h3>\n<h3><span style=\"text-decoration: underline;\"><a href=\"https:\/\/www.rallyclassics.club\/moto-classic-series-2023\/barcelona-catalunya-2023\/\" target=\"_blank\" rel=\"noopener noreferrer\"><strong>Plus d&rsquo;infos ici<\/strong><\/a><\/span><\/h3>\n<p>&nbsp;<\/p>","protected":false},"excerpt":{"rendered":"<p>Le moment le plus important de la saison est arriv\u00e9, la Grand Final sur le Circuit de Barcelona-Catalunya ! Le samedi 14 octobre, nous vous attendons pour l&rsquo;\u00e9preuve qui d\u00e9signera [&#8230;]<\/p>\n","protected":false},"author":9192204,"featured_media":35290,"comment_status":"closed","ping_status":"open","sticky":false,"template":"","format":"standard","meta":{"om_disable_all_campaigns":false,"_monsterinsights_skip_tracking":false,"_monsterinsights_sitenote_active":false,"_monsterinsights_sitenote_note":"","_monsterinsights_sitenote_category":0,"footnotes":""},"categories":[430,429],"tags":[],"class_list":["post-41935","post","type-post","status-publish","format-standard","has-post-thumbnail","hentry","category-moto-classic-series-2023","category-porsche-classic-series-2023"],"aioseo_notices":[],"_links":{"self":[{"href":"https:\/\/rallyclassics.club\/fr\/wp-json\/wp\/v2\/posts\/41935","targetHints":{"allow":["GET"]}}],"collection":[{"href":"https:\/\/rallyclassics.club\/fr\/wp-json\/wp\/v2\/posts"}],"about":[{"href":"https:\/\/rallyclassics.club\/fr\/wp-json\/wp\/v2\/types\/post"}],"author":[{"embeddable":true,"href":"https:\/\/rallyclassics.club\/fr\/wp-json\/wp\/v2\/users\/9192204"}],"replies":[{"embeddable":true,"href":"https:\/\/rallyclassics.club\/fr\/wp-json\/wp\/v2\/comments?post=41935"}],"version-history":[{"count":2,"href":"https:\/\/rallyclassics.club\/fr\/wp-json\/wp\/v2\/posts\/41935\/revisions"}],"predecessor-version":[{"id":41941,"href":"https:\/\/rallyclassics.club\/fr\/wp-json\/wp\/v2\/posts\/41935\/revisions\/41941"}],"wp:featuredmedia":[{"embeddable":true,"href":"https:\/\/rallyclassics.club\/fr\/wp-json\/wp\/v2\/media\/35290"}],"wp:attachment":[{"href":"https:\/\/rallyclassics.club\/fr\/wp-json\/wp\/v2\/media?parent=41935"}],"wp:term":[{"taxonomy":"category","embeddable":true,"href":"https:\/\/rallyclassics.club\/fr\/wp-json\/wp\/v2\/categories?post=41935"},{"taxonomy":"post_tag","embeddable":true,"href":"https:\/\/rallyclassics.club\/fr\/wp-json\/wp\/v2\/tags?post=41935"}],"curies":[{"name":"wp","href":"https:\/\/api.w.org\/{rel}","templated":true}]}}